{"id":596,"date":"2014-07-02T09:07:58","date_gmt":"2014-07-02T07:07:58","guid":{"rendered":"http:\/\/jeannette.ditzschrijft.nl\/?p=596"},"modified":"2014-07-02T09:09:30","modified_gmt":"2014-07-02T07:09:30","slug":"dag-van-de-vlag","status":"publish","type":"post","link":"http:\/\/jeannette.ditzschrijft.nl\/?p=596","title":{"rendered":"Dag van de Vlag"},"content":{"rendered":"<p>Vandaag hebben alle Cura\u00e7ao\u00ebnaars een vrije dag. Op 2 juli wordt namelijk de Dag van de Vlag gevierd, officieel genaamd: <em>dia di himno i bandera <\/em>(dag van het volkslied en de vlag)<em>. <\/em><br \/>\nTegenwoordig is Cura\u00e7ao een land en is een eigen vlag dus heel gewoon. Maar in 1983, toen de nieuwe vlag op 2 juli feestelijk werd gepresenteerd, was een vlag niet per se noodzakelijk. Cura\u00e7ao maakte deel uit van de Nederlandse Antillen en dat land had al een vlag. Maar de eilanden wilden natuurlijk hun eigen identiteit uitdragen en zo werd in 1981 een ontwerpwedstrijd uitgeschreven voor een Cura\u00e7aose vlag.<br \/>\n<a href=\"http:\/\/jeannette.ditzschrijft.nl\/wp-content\/uploads\/2014\/06\/vlag-Cura\u00e7ao.jpg\"><img loading=\"lazy\" decoding=\"async\" class=\"aligncenter size-full wp-image-597\" src=\"http:\/\/jeannette.ditzschrijft.nl\/wp-content\/uploads\/2014\/06\/vlag-Cura\u00e7ao.jpg\" alt=\"vlag Cura\u00e7ao\" width=\"275\" height=\"183\" \/><\/a>Winnaar van die wedstrijd was Maarten den Dulk met een symbolisch vlagontwerp:<br \/>\nDe bovenste blauwe baan symboliseert de hemel, de onderste baan de zee die het eiland aan alle kanten omsluit. De blauwe kleur staat ook symbool voor de trouwhartigheid van het Cura\u00e7aose volk. De gele band verwijst naar de felle zon\u00a0 en het vrolijke karakter van de Cura\u00e7ao\u00ebnaar. De grote ster staat voor Cura\u00e7ao en de kleine voor Klein-Cura\u00e7ao. Tot slot verwijzen de vijf punten van de sterren naar de vijf continenten waar de verschillende bevolkingsgroepen van Cura\u00e7ao vandaan komen. De sterren zijn tevens het symbool van vertrouwen, hoop en verwachting. De witte kleur ervan wijst op het streven naar vrede en geluk.\u00a0\u00a0 Terug naar <a title=\"DitzSchrijft\" href=\"http:\/\/ditzschrijft.nl\" target=\"_blank\">DitzSchrijft.nl<\/a><\/p>\n","protected":false},"excerpt":{"rendered":"<p>Vandaag hebben alle Cura\u00e7ao\u00ebnaars een vrije dag. Op 2 juli wordt namelijk de Dag van de Vlag gevierd, officieel genaamd: dia di himno i bandera (dag van het volkslied en de vlag). Tegenwoordig is Cura\u00e7ao een land en is een eigen vlag dus heel gewoon. Maar in 1983, toen de nieuwe vlag op 2 juli [&hellip;]<\/p>\n","protected":false},"author":1,"featured_media":0,"comment_status":"open","ping_status":"open","sticky":false,"template":"","format":"standard","meta":{"footnotes":""},"categories":[3],"tags":[7,84,6,217,37,36,215,28,216],"class_list":["post-596","post","type-post","status-publish","format-standard","hentry","category-antilliaanse-eilanden","tag-antillen","tag-benedenwindse-eilanden","tag-curacao","tag-dag-van-de-vlag","tag-freelancer","tag-journalist","tag-klein-curacao","tag-nederlandse-antillen","tag-vlag"],"_links":{"self":[{"href":"http:\/\/jeannette.ditzschrijft.nl\/index.php?rest_route=\/wp\/v2\/posts\/596","targetHints":{"allow":["GET"]}}],"collection":[{"href":"http:\/\/jeannette.ditzschrijft.nl\/index.php?rest_route=\/wp\/v2\/posts"}],"about":[{"href":"http:\/\/jeannette.ditzschrijft.nl\/index.php?rest_route=\/wp\/v2\/types\/post"}],"author":[{"embeddable":true,"href":"http:\/\/jeannette.ditzschrijft.nl\/index.php?rest_route=\/wp\/v2\/users\/1"}],"replies":[{"embeddable":true,"href":"http:\/\/jeannette.ditzschrijft.nl\/index.php?rest_route=%2Fwp%2Fv2%2Fcomments&post=596"}],"version-history":[{"count":4,"href":"http:\/\/jeannette.ditzschrijft.nl\/index.php?rest_route=\/wp\/v2\/posts\/596\/revisions"}],"predecessor-version":[{"id":601,"href":"http:\/\/jeannette.ditzschrijft.nl\/index.php?rest_route=\/wp\/v2\/posts\/596\/revisions\/601"}],"wp:attachment":[{"href":"http:\/\/jeannette.ditzschrijft.nl\/index.php?rest_route=%2Fwp%2Fv2%2Fmedia&parent=596"}],"wp:term":[{"taxonomy":"category","embeddable":true,"href":"http:\/\/jeannette.ditzschrijft.nl\/index.php?rest_route=%2Fwp%2Fv2%2Fcategories&post=596"},{"taxonomy":"post_tag","embeddable":true,"href":"http:\/\/jeannette.ditzschrijft.nl\/index.php?rest_route=%2Fwp%2Fv2%2Ftags&post=596"}],"curies":[{"name":"wp","href":"https:\/\/api.w.org\/{rel}","templated":true}]}}