{"id":1315,"date":"2017-10-23T17:06:44","date_gmt":"2017-10-23T15:06:44","guid":{"rendered":"http:\/\/jeannette.ditzschrijft.nl\/?p=1315"},"modified":"2017-10-24T12:45:36","modified_gmt":"2017-10-24T10:45:36","slug":"boekpresentatie-enith-brigitha","status":"publish","type":"post","link":"http:\/\/jeannette.ditzschrijft.nl\/?p=1315","title":{"rendered":"Boekpresentatie Enith Brigitha"},"content":{"rendered":"<p>Enith Brigitha en ik waren vanaf 15 oktober op Cura\u00e7ao om haar biografie te promoten. De foto&#8217;s spreken voor zich.<\/p>\n<div id=\"attachment_1316\" style=\"width: 310px\" class=\"wp-caption alignleft\"><img loading=\"lazy\" decoding=\"async\" aria-describedby=\"caption-attachment-1316\" class=\"size-medium wp-image-1316\" src=\"http:\/\/jeannette.ditzschrijft.nl\/wp-content\/uploads\/2017\/10\/aankomst-enith-300x273.jpg\" alt=\"\" width=\"300\" height=\"273\" srcset=\"http:\/\/jeannette.ditzschrijft.nl\/wp-content\/uploads\/2017\/10\/aankomst-enith-300x273.jpg 300w, http:\/\/jeannette.ditzschrijft.nl\/wp-content\/uploads\/2017\/10\/aankomst-enith-768x699.jpg 768w, http:\/\/jeannette.ditzschrijft.nl\/wp-content\/uploads\/2017\/10\/aankomst-enith-1024x932.jpg 1024w, http:\/\/jeannette.ditzschrijft.nl\/wp-content\/uploads\/2017\/10\/aankomst-enith-624x568.jpg 624w\" sizes=\"auto, (max-width: 300px) 100vw, 300px\" \/><p id=\"caption-attachment-1316\" class=\"wp-caption-text\">Alex Roose (initiatiefnemer van de biografie), Enith en ik op vliegveld Hato<\/p><\/div>\n<div id=\"attachment_1317\" style=\"width: 310px\" class=\"wp-caption alignright\"><img loading=\"lazy\" decoding=\"async\" aria-describedby=\"caption-attachment-1317\" class=\"size-medium wp-image-1317\" src=\"http:\/\/jeannette.ditzschrijft.nl\/wp-content\/uploads\/2017\/10\/enith-en-tante-300x225.jpg\" alt=\"\" width=\"300\" height=\"225\" srcset=\"http:\/\/jeannette.ditzschrijft.nl\/wp-content\/uploads\/2017\/10\/enith-en-tante-300x225.jpg 300w, http:\/\/jeannette.ditzschrijft.nl\/wp-content\/uploads\/2017\/10\/enith-en-tante-768x576.jpg 768w, http:\/\/jeannette.ditzschrijft.nl\/wp-content\/uploads\/2017\/10\/enith-en-tante-1024x768.jpg 1024w, http:\/\/jeannette.ditzschrijft.nl\/wp-content\/uploads\/2017\/10\/enith-en-tante-624x468.jpg 624w\" sizes=\"auto, (max-width: 300px) 100vw, 300px\" \/><p id=\"caption-attachment-1317\" class=\"wp-caption-text\">Enith begroet haar tante na aankomst op 15 oktober 2017 op Cura\u00e7ao<\/p><\/div>\n<div id=\"attachment_1318\" style=\"width: 235px\" class=\"wp-caption aligncenter\"><img loading=\"lazy\" decoding=\"async\" aria-describedby=\"caption-attachment-1318\" class=\"size-medium wp-image-1318\" src=\"http:\/\/jeannette.ditzschrijft.nl\/wp-content\/uploads\/2017\/10\/minister-Alcal\u00e1-171017-225x300.jpg\" alt=\"\" width=\"225\" height=\"300\" srcset=\"http:\/\/jeannette.ditzschrijft.nl\/wp-content\/uploads\/2017\/10\/minister-Alcal\u00e1-171017-225x300.jpg 225w, http:\/\/jeannette.ditzschrijft.nl\/wp-content\/uploads\/2017\/10\/minister-Alcal\u00e1-171017-768x1024.jpg 768w, http:\/\/jeannette.ditzschrijft.nl\/wp-content\/uploads\/2017\/10\/minister-Alcal\u00e1-171017-624x832.jpg 624w\" sizes=\"auto, (max-width: 225px) 100vw, 225px\" \/><p id=\"caption-attachment-1318\" class=\"wp-caption-text\">Enith heeft haar boek gesigneerd voor de Cura\u00e7aose minister van sport, Marilyn Alcal\u00e1-Wall\u00e9<\/p><\/div>\n<div id=\"attachment_1320\" style=\"width: 310px\" class=\"wp-caption alignleft\"><img loading=\"lazy\" decoding=\"async\" aria-describedby=\"caption-attachment-1320\" class=\"size-medium wp-image-1320\" src=\"http:\/\/jeannette.ditzschrijft.nl\/wp-content\/uploads\/2017\/10\/Bij-Gerda-Willems-171017-1-300x172.jpg\" alt=\"\" width=\"300\" height=\"172\" srcset=\"http:\/\/jeannette.ditzschrijft.nl\/wp-content\/uploads\/2017\/10\/Bij-Gerda-Willems-171017-1-300x172.jpg 300w, http:\/\/jeannette.ditzschrijft.nl\/wp-content\/uploads\/2017\/10\/Bij-Gerda-Willems-171017-1-768x441.jpg 768w, http:\/\/jeannette.ditzschrijft.nl\/wp-content\/uploads\/2017\/10\/Bij-Gerda-Willems-171017-1-1024x588.jpg 1024w, http:\/\/jeannette.ditzschrijft.nl\/wp-content\/uploads\/2017\/10\/Bij-Gerda-Willems-171017-1-624x358.jpg 624w\" sizes=\"auto, (max-width: 300px) 100vw, 300px\" \/><p id=\"caption-attachment-1320\" class=\"wp-caption-text\">Op bezoek bij Gerda Willems, directrice van de Cura\u00e7aose bibliotheek<\/p><\/div>\n<div id=\"attachment_1322\" style=\"width: 266px\" class=\"wp-caption alignleft\"><img loading=\"lazy\" decoding=\"async\" aria-describedby=\"caption-attachment-1322\" class=\"size-medium wp-image-1322\" src=\"http:\/\/jeannette.ditzschrijft.nl\/wp-content\/uploads\/2017\/10\/Nos-Pais-256x300.jpg\" alt=\"\" width=\"256\" height=\"300\" srcset=\"http:\/\/jeannette.ditzschrijft.nl\/wp-content\/uploads\/2017\/10\/Nos-Pais-256x300.jpg 256w, http:\/\/jeannette.ditzschrijft.nl\/wp-content\/uploads\/2017\/10\/Nos-Pais-768x900.jpg 768w, http:\/\/jeannette.ditzschrijft.nl\/wp-content\/uploads\/2017\/10\/Nos-Pais-874x1024.jpg 874w, http:\/\/jeannette.ditzschrijft.nl\/wp-content\/uploads\/2017\/10\/Nos-Pais-624x731.jpg 624w\" sizes=\"auto, (max-width: 256px) 100vw, 256px\" \/><p id=\"caption-attachment-1322\" class=\"wp-caption-text\">Enith en Mavis Albertina na het tv-interview voor Nos Pais<\/p><\/div>\n<p><a href=\"https:\/\/www.facebook.com\/mavis.albertina1\/posts\/10213004841008537?notif_id=1508171780804164&#038;notif_t=like\">https:\/\/www.facebook.com\/mavis.albertina1\/posts\/10213004841008537?notif_id=1508171780804164&amp;notif_t=like<\/a><\/p>\n<div id=\"attachment_1321\" style=\"width: 310px\" class=\"wp-caption alignleft\"><img loading=\"lazy\" decoding=\"async\" aria-describedby=\"caption-attachment-1321\" class=\"size-medium wp-image-1321\" src=\"http:\/\/jeannette.ditzschrijft.nl\/wp-content\/uploads\/2017\/10\/Telekorsou-171017-300x201.jpg\" alt=\"\" width=\"300\" height=\"201\" srcset=\"http:\/\/jeannette.ditzschrijft.nl\/wp-content\/uploads\/2017\/10\/Telekorsou-171017-300x201.jpg 300w, http:\/\/jeannette.ditzschrijft.nl\/wp-content\/uploads\/2017\/10\/Telekorsou-171017-768x515.jpg 768w, http:\/\/jeannette.ditzschrijft.nl\/wp-content\/uploads\/2017\/10\/Telekorsou-171017-1024x687.jpg 1024w, http:\/\/jeannette.ditzschrijft.nl\/wp-content\/uploads\/2017\/10\/Telekorsou-171017-624x418.jpg 624w\" sizes=\"auto, (max-width: 300px) 100vw, 300px\" \/><p id=\"caption-attachment-1321\" class=\"wp-caption-text\">Interview bij TeleKorsou<\/p><\/div>\n<div id=\"attachment_1323\" style=\"width: 310px\" class=\"wp-caption alignright\"><img loading=\"lazy\" decoding=\"async\" aria-describedby=\"caption-attachment-1323\" class=\"size-medium wp-image-1323\" src=\"http:\/\/jeannette.ditzschrijft.nl\/wp-content\/uploads\/2017\/10\/signeren-Mensings-300x206.jpg\" alt=\"\" width=\"300\" height=\"206\" srcset=\"http:\/\/jeannette.ditzschrijft.nl\/wp-content\/uploads\/2017\/10\/signeren-Mensings-300x206.jpg 300w, http:\/\/jeannette.ditzschrijft.nl\/wp-content\/uploads\/2017\/10\/signeren-Mensings-768x529.jpg 768w, http:\/\/jeannette.ditzschrijft.nl\/wp-content\/uploads\/2017\/10\/signeren-Mensings-1024x705.jpg 1024w, http:\/\/jeannette.ditzschrijft.nl\/wp-content\/uploads\/2017\/10\/signeren-Mensings-624x429.jpg 624w\" sizes=\"auto, (max-width: 300px) 100vw, 300px\" \/><p id=\"caption-attachment-1323\" class=\"wp-caption-text\">Bij Mensing&#8217;s Caminada stonden ze op 17 oktober in de rij voor een boek met handtekening<\/p><\/div>\n<div id=\"attachment_1324\" style=\"width: 310px\" class=\"wp-caption aligncenter\"><img loading=\"lazy\" decoding=\"async\" aria-describedby=\"caption-attachment-1324\" class=\"size-medium wp-image-1324\" src=\"http:\/\/jeannette.ditzschrijft.nl\/wp-content\/uploads\/2017\/10\/TV-Direct-300x225.jpg\" alt=\"\" width=\"300\" height=\"225\" srcset=\"http:\/\/jeannette.ditzschrijft.nl\/wp-content\/uploads\/2017\/10\/TV-Direct-300x225.jpg 300w, http:\/\/jeannette.ditzschrijft.nl\/wp-content\/uploads\/2017\/10\/TV-Direct-768x576.jpg 768w, http:\/\/jeannette.ditzschrijft.nl\/wp-content\/uploads\/2017\/10\/TV-Direct-1024x768.jpg 1024w, http:\/\/jeannette.ditzschrijft.nl\/wp-content\/uploads\/2017\/10\/TV-Direct-624x468.jpg 624w\" sizes=\"auto, (max-width: 300px) 100vw, 300px\" \/><p id=\"caption-attachment-1324\" class=\"wp-caption-text\">Enith en ik bij TVDirect<\/p><\/div>\n<div id=\"attachment_1325\" style=\"width: 310px\" class=\"wp-caption alignright\"><img loading=\"lazy\" decoding=\"async\" aria-describedby=\"caption-attachment-1325\" class=\"size-medium wp-image-1325\" src=\"http:\/\/jeannette.ditzschrijft.nl\/wp-content\/uploads\/2017\/10\/Enith-en-Sharks-300x278.jpg\" alt=\"\" width=\"300\" height=\"278\" srcset=\"http:\/\/jeannette.ditzschrijft.nl\/wp-content\/uploads\/2017\/10\/Enith-en-Sharks-300x278.jpg 300w, http:\/\/jeannette.ditzschrijft.nl\/wp-content\/uploads\/2017\/10\/Enith-en-Sharks-768x711.jpg 768w, http:\/\/jeannette.ditzschrijft.nl\/wp-content\/uploads\/2017\/10\/Enith-en-Sharks-1024x948.jpg 1024w, http:\/\/jeannette.ditzschrijft.nl\/wp-content\/uploads\/2017\/10\/Enith-en-Sharks-624x578.jpg 624w\" sizes=\"auto, (max-width: 300px) 100vw, 300px\" \/><p id=\"caption-attachment-1325\" class=\"wp-caption-text\">Leden van zwemvereniging de Sharks kwamen langs bij boekhandel Samsom<\/p><\/div>\n<div id=\"attachment_1329\" style=\"width: 310px\" class=\"wp-caption aligncenter\"><img loading=\"lazy\" decoding=\"async\" aria-describedby=\"caption-attachment-1329\" class=\"size-medium wp-image-1329\" src=\"http:\/\/jeannette.ditzschrijft.nl\/wp-content\/uploads\/2017\/10\/signeersessie-Bruna-300x200.jpg\" alt=\"\" width=\"300\" height=\"200\" srcset=\"http:\/\/jeannette.ditzschrijft.nl\/wp-content\/uploads\/2017\/10\/signeersessie-Bruna-300x200.jpg 300w, http:\/\/jeannette.ditzschrijft.nl\/wp-content\/uploads\/2017\/10\/signeersessie-Bruna-768x512.jpg 768w, http:\/\/jeannette.ditzschrijft.nl\/wp-content\/uploads\/2017\/10\/signeersessie-Bruna-1024x682.jpg 1024w, http:\/\/jeannette.ditzschrijft.nl\/wp-content\/uploads\/2017\/10\/signeersessie-Bruna-624x416.jpg 624w, http:\/\/jeannette.ditzschrijft.nl\/wp-content\/uploads\/2017\/10\/signeersessie-Bruna.jpg 1280w\" sizes=\"auto, (max-width: 300px) 100vw, 300px\" \/><p id=\"caption-attachment-1329\" class=\"wp-caption-text\">Ook bij boekhandel Bruna was er veel belangstelling voor Eniths biografie<\/p><\/div>\n<div id=\"attachment_1327\" style=\"width: 310px\" class=\"wp-caption aligncenter\"><img loading=\"lazy\" decoding=\"async\" aria-describedby=\"caption-attachment-1327\" class=\"size-medium wp-image-1327\" src=\"http:\/\/jeannette.ditzschrijft.nl\/wp-content\/uploads\/2017\/10\/verkoop-bij-zeilclub-300x225.jpeg\" alt=\"\" width=\"300\" height=\"225\" srcset=\"http:\/\/jeannette.ditzschrijft.nl\/wp-content\/uploads\/2017\/10\/verkoop-bij-zeilclub-300x225.jpeg 300w, http:\/\/jeannette.ditzschrijft.nl\/wp-content\/uploads\/2017\/10\/verkoop-bij-zeilclub-768x576.jpeg 768w, http:\/\/jeannette.ditzschrijft.nl\/wp-content\/uploads\/2017\/10\/verkoop-bij-zeilclub-1024x768.jpeg 1024w, http:\/\/jeannette.ditzschrijft.nl\/wp-content\/uploads\/2017\/10\/verkoop-bij-zeilclub-624x468.jpeg 624w\" sizes=\"auto, (max-width: 300px) 100vw, 300px\" \/><p id=\"caption-attachment-1327\" class=\"wp-caption-text\">Op Eniths voormalige zeilclub ging de biografie grif van de hand<\/p><\/div>\n<p>Terug naar <a title=\"DitzSchrijft\" href=\"http:\/\/ditzschrijft.nl\" target=\"_blank\" rel=\"noopener noreferrer\">www.DitzSchrijft.nl<\/a><\/p>\n","protected":false},"excerpt":{"rendered":"<p>Enith Brigitha en ik waren vanaf 15 oktober op Cura\u00e7ao om haar biografie te promoten. De foto&#8217;s spreken voor zich. Terug naar www.DitzSchrijft.nl<\/p>\n","protected":false},"author":1,"featured_media":0,"comment_status":"open","ping_status":"open","sticky":false,"template":"","format":"standard","meta":{"footnotes":""},"categories":[3,1],"tags":[7,84,6,417,37,36,430],"class_list":["post-1315","post","type-post","status-publish","format-standard","hentry","category-antilliaanse-eilanden","category-overig","tag-antillen","tag-benedenwindse-eilanden","tag-curacao","tag-enith-brigitha","tag-freelancer","tag-journalist","tag-zwemmen"],"_links":{"self":[{"href":"http:\/\/jeannette.ditzschrijft.nl\/index.php?rest_route=\/wp\/v2\/posts\/1315","targetHints":{"allow":["GET"]}}],"collection":[{"href":"http:\/\/jeannette.ditzschrijft.nl\/index.php?rest_route=\/wp\/v2\/posts"}],"about":[{"href":"http:\/\/jeannette.ditzschrijft.nl\/index.php?rest_route=\/wp\/v2\/types\/post"}],"author":[{"embeddable":true,"href":"http:\/\/jeannette.ditzschrijft.nl\/index.php?rest_route=\/wp\/v2\/users\/1"}],"replies":[{"embeddable":true,"href":"http:\/\/jeannette.ditzschrijft.nl\/index.php?rest_route=%2Fwp%2Fv2%2Fcomments&post=1315"}],"version-history":[{"count":3,"href":"http:\/\/jeannette.ditzschrijft.nl\/index.php?rest_route=\/wp\/v2\/posts\/1315\/revisions"}],"predecessor-version":[{"id":1330,"href":"http:\/\/jeannette.ditzschrijft.nl\/index.php?rest_route=\/wp\/v2\/posts\/1315\/revisions\/1330"}],"wp:attachment":[{"href":"http:\/\/jeannette.ditzschrijft.nl\/index.php?rest_route=%2Fwp%2Fv2%2Fmedia&parent=1315"}],"wp:term":[{"taxonomy":"category","embeddable":true,"href":"http:\/\/jeannette.ditzschrijft.nl\/index.php?rest_route=%2Fwp%2Fv2%2Fcategories&post=1315"},{"taxonomy":"post_tag","embeddable":true,"href":"http:\/\/jeannette.ditzschrijft.nl\/index.php?rest_route=%2Fwp%2Fv2%2Ftags&post=1315"}],"curies":[{"name":"wp","href":"https:\/\/api.w.org\/{rel}","templated":true}]}}